{"id":903,"global_id":"www.rheinfelden-fuer-demokratie.de?id=903","global_id_lineage":["www.rheinfelden-fuer-demokratie.de?id=903"],"author":"1","status":"publish","date":"2025-02-13 08:32:48","date_utc":"2025-02-13 08:32:48","modified":"2025-02-13 08:32:48","modified_utc":"2025-02-13 08:32:48","url":"https:\/\/www.rheinfelden-fuer-demokratie.de\/?tribe_events=kundgebung","rest_url":"https:\/\/www.rheinfelden-fuer-demokratie.de\/index.php?rest_route=\/tribe\/events\/v1\/events\/903","title":"Kundgebung","description":"<h5>Das \u00bbOlympische Feuer der Demokratie\u00ab f\u00fcr Fairness, Respekt, Vielfalt,<br \/>\nGleichberechtigung, Zusammenhalt und demokratische Grundwerte<br \/>\nkommt nach L\u00f6rrach:<\/h5>\n<h3>\nKommt alle zur Kundgebung vor der Bundestagswahl<br \/>\nDemokratie verteidigen \u2013<br \/>\ndemokratische Parteien w\u00e4hlen!<\/h3>\n<h4>Keine Stimme f\u00fcr Rechtsextremismus &amp; Populismus<br \/>\nSamstag, 15.02.2025\u00a0 11:55 \u2013 13:30 Uhr Senser Platz, L\u00f6rrach<\/h4>\n<h5>Demokratie ist anstrengend und muss jeden Tag aufs Neue ge\u00fcbt und gelebt<br \/>\nwerden. Dazu geh\u00f6rt auch Mut; sich zum Beispiel auf kontroverse Diskussionen<br \/>\neinzulassen, unterschiedliche Meinungen zu akzeptieren, Fakten den Vorzug vor<br \/>\ndem eigenen Glauben zu geben \u2013 und wieder friedlich auseinanderzugehen.<br \/>\nAls Demokratieb\u00fcndnisse wollen wir Menschen aus unterschiedlichen<br \/>\nLebensbereichen zusammenbringen, um miteinander zu reden, zu streiten und zu<br \/>\nargumentieren. Respektvoll, fair, kontrovers und l\u00f6sungsorientiert.<br \/>\nWir werden nicht tatenlos zusehen, wie unser lebenswertes Land mit<br \/>\nmenschenw\u00fcrdigen Bedingungen von Populist*innen und rechtsextremen Parteien<br \/>\nausgeh\u00f6hlt und zerst\u00f6rt wird.<br \/>\nVor der Bundestagswahl setzen wir ein Zeichen, dass es unerl\u00e4sslich ist, nur<br \/>\nKandidat*innen und Parteien zu w\u00e4hlen, die sich aktiv f\u00fcr den Erhalt und die<br \/>\nSt\u00e4rkung unserer Demokratie und den Schutz von Grund- und Menschenrechten<br \/>\neinsetzen!<\/h5>\n<h5>\nEure aktive Hilfe wird gesch\u00e4tzt: Ab 10 Uhr k\u00f6nnen Helfer*innen beim Aufbau<br \/>\nunterst\u00fctzen, 11.30 werden Ordner*innen ausgestattet und eingewiesen. Bringt gerne auch selbst gelbe oder rote Warnwesten mit.<\/h5>\n<h6>\nDieser Aufruf wird unterst\u00fctzt von: AK Integration Schopfheim e.V., AKM L\u00f6rrach e.V.,<br \/>\nBurghof L\u00f6rrach GmbH, DGB S\u00fcdbaden, Diakonisches Werk im Landkreis L\u00f6rrach, Evangelischer<br \/>\nKirchenbezirk Markgr\u00e4flerland, Fridays for Future L\u00f6rrach, Friedensinitiative L\u00f6rrach, GEW Kreis<br \/>\nL\u00f6rrach, Initiative Stolpersteine Schopfheim, Katholische Kirchengemeinde L\u00f6rrach-Inzlingen,<br \/>\nKatholisches Dekanat Wiesental, Kinderschutzbund Schopfheim e. V., Nellie Nashorn Soziokultur<\/h6>","excerpt":"","slug":"kundgebung","image":false,"all_day":false,"start_date":"2025-02-15 11:55:00","start_date_details":{"year":"2025","month":"02","day":"15","hour":"11","minutes":"55","seconds":"00"},"end_date":"2025-02-15 13:30:00","end_date_details":{"year":"2025","month":"02","day":"15","hour":"13","minutes":"30","seconds":"00"},"utc_start_date":"2025-02-15 11:55:00","utc_start_date_details":{"year":"2025","month":"02","day":"15","hour":"11","minutes":"55","seconds":"00"},"utc_end_date":"2025-02-15 13:30:00","utc_end_date_details":{"year":"2025","month":"02","day":"15","hour":"13","minutes":"30","seconds":"00"},"timezone":"UTC+0","timezone_abbr":"UTC+0","cost":"","cost_details":{"currency_symbol":"","currency_code":"","currency_position":"prefix","values":[]},"website":"","show_map":true,"show_map_link":true,"hide_from_listings":false,"sticky":false,"featured":false,"categories":[],"tags":[],"venue":{"id":910,"author":"1","status":"publish","date":"2025-02-13 08:32:22","date_utc":"0000-00-00 00:00:00","modified":"2025-02-13 08:32:22","modified_utc":"0000-00-00 00:00:00","url":"https:\/\/www.rheinfelden-fuer-demokratie.de\/?tribe_venue=senserplatz-loerrach","venue":"Senserplatz L\u00f6rrach","slug":"senserplatz-loerrach","address":"Senserplatz","city":"L\u00f6rrach","country":"Germany","zip":"79539","json_ld":{"@type":"Place","name":"Senserplatz L\u00f6rrach","description":"","url":"","address":{"@type":"PostalAddress","streetAddress":"Senserplatz","addressLocality":"L\u00f6rrach","postalCode":"79539","addressCountry":"Germany"},"telephone":"","sameAs":""},"show_map":false,"show_map_link":false,"global_id":"www.rheinfelden-fuer-demokratie.de?id=910","global_id_lineage":["www.rheinfelden-fuer-demokratie.de?id=910"]},"organizer":[{"id":467,"author":"1","status":"publish","date":"2024-04-05 04:00:06","date_utc":"0000-00-00 00:00:00","modified":"2024-04-05 04:00:06","modified_utc":"0000-00-00 00:00:00","url":"https:\/\/www.rheinfelden-fuer-demokratie.de\/?tribe_organizer=rheinfelden-fuer-demokratie","organizer":"Rheinfelden f\u00fcr Demokratie","slug":"rheinfelden-fuer-demokratie","json_ld":{"@type":"Person","name":"Rheinfelden f\u00fcr Demokratie","description":"","url":"","telephone":"","email":"","sameAs":""},"global_id":"www.rheinfelden-fuer-demokratie.de?id=467","global_id_lineage":["www.rheinfelden-fuer-demokratie.de?id=467"]},{"id":798,"author":"1","status":"publish","date":"2024-06-02 09:29:46","date_utc":"2024-06-02 09:29:46","modified":"2024-06-02 09:29:46","modified_utc":"2024-06-02 09:29:46","url":"https:\/\/www.rheinfelden-fuer-demokratie.de\/?tribe_organizer=schopfheim-bleibt-bunt","organizer":"Schopfheim bleibt bunt","slug":"schopfheim-bleibt-bunt","json_ld":{"@type":"Person","name":"Schopfheim bleibt bunt","description":"","url":"","telephone":"","email":"","sameAs":""},"global_id":"www.rheinfelden-fuer-demokratie.de?id=798","global_id_lineage":["www.rheinfelden-fuer-demokratie.de?id=798"]},{"id":914,"author":"1","status":"publish","date":"2025-02-13 08:32:48","date_utc":"2025-02-13 08:32:48","modified":"2025-02-13 08:32:48","modified_utc":"2025-02-13 08:32:48","url":"https:\/\/www.rheinfelden-fuer-demokratie.de\/?tribe_organizer=buendnis-5-vor-12-2","organizer":"B\u00fcndnis 5 vor 12","slug":"buendnis-5-vor-12-2","json_ld":{"@type":"Person","name":"B\u00fcndnis 5 vor 12","description":"","url":"","telephone":"","email":"","sameAs":""},"global_id":"www.rheinfelden-fuer-demokratie.de?id=914","global_id_lineage":["www.rheinfelden-fuer-demokratie.de?id=914"]}],"custom_fields":[],"json_ld":{"@context":"http:\/\/schema.org","@type":"Event","name":"Kundgebung","description":"&lt;p&gt;Das \u00bbOlympische Feuer der Demokratie\u00ab f\u00fcr Fairness, Respekt, Vielfalt, Gleichberechtigung, Zusammenhalt und demokratische Grundwerte kommt nach L\u00f6rrach: Kommt alle zur Kundgebung vor der Bundestagswahl Demokratie verteidigen \u2013 demokratische Parteien w\u00e4hlen! [&hellip;]&lt;\/p&gt;\\n","url":"https:\/\/www.rheinfelden-fuer-demokratie.de\/?tribe_events=kundgebung","eventAttendanceMode":"https:\/\/schema.org\/OfflineEventAttendanceMode","eventStatus":"https:\/\/schema.org\/EventScheduled","startDate":"2025-02-15T11:55:00+00:00","endDate":"2025-02-15T13:30:00+00:00","location":{"@type":"Place","name":"Senserplatz L\u00f6rrach","description":"","url":"","address":{"@type":"PostalAddress","streetAddress":"Senserplatz","addressLocality":"L\u00f6rrach","postalCode":"79539","addressCountry":"Germany"},"telephone":"","sameAs":""},"organizer":{"@type":"Person","name":"Rheinfelden f\u00fcr Demokratie","description":"","url":"","telephone":"","email":"","sameAs":""},"performer":"Organization"}}